{"id":16563,"date":"2022-08-31T15:05:28","date_gmt":"2022-08-31T15:05:28","guid":{"rendered":"https:\/\/pakistanintheworld.pk\/live\/?p=16563"},"modified":"2022-09-03T21:03:45","modified_gmt":"2022-09-03T21:03:45","slug":"victory-day-of-turkiye-celebrated-in-islamabad-with-solidarity-from-pakistan","status":"publish","type":"post","link":"https:\/\/pakistanintheworld.pk\/live\/victory-day-of-turkiye-celebrated-in-islamabad-with-solidarity-from-pakistan\/","title":{"rendered":"Victory Day of Turkiye Celebrated in Islamabad with Solidarity from Pakistan"},"content":{"rendered":"<h5><strong><img decoding=\"async\" loading=\"lazy\" class=\"aligncenter size-full wp-image-16564\" src=\"https:\/\/pakistanintheworld.pk\/live\/wp-content\/uploads\/2022\/08\/Turkiye-Pakistan-11.jpg\" alt=\"\" width=\"700\" height=\"467\" srcset=\"https:\/\/pakistanintheworld.pk\/live\/wp-content\/uploads\/2022\/08\/Turkiye-Pakistan-11.jpg 700w, https:\/\/pakistanintheworld.pk\/live\/wp-content\/uploads\/2022\/08\/Turkiye-Pakistan-11-300x200.jpg 300w, https:\/\/pakistanintheworld.pk\/live\/wp-content\/uploads\/2022\/08\/Turkiye-Pakistan-11-696x464.jpg 696w, https:\/\/pakistanintheworld.pk\/live\/wp-content\/uploads\/2022\/08\/Turkiye-Pakistan-11-630x420.jpg 630w\" sizes=\"(max-width: 700px) 100vw, 700px\" \/>Tazeen Akhtar<\/strong><\/h5>\n<h5><strong>Turkish and Pakistani brothers and sisters celebrated Turkish Victory Day on 30th Aug in Islamabad expressing solidarity with each other and praying high place in Jannat for the martyrs who sacrificed their lives for the freedom and well-being of their homeland and countrymen. They paid homage to the great leadership of Mustafa Kemal, Ata Turk, and listened to the message of President Recep Tayyip Erdogan read by Ambassador Dr. Mehmet Pacaci.<\/strong><\/h5>\n<h5>The Ambassador of the Republic of Turkiye Dr. Mehmet Pacaci and Defence Attache, Brig. Mehmet Suha Oztekin hosted a reception on this auspicious occasion. Chairman Joint Chiefs of Staff Committee General Nadeem Raza was the chief guest at the occasion. National anthems of both countries were played and a memorial cake was cut by the guest.<\/h5>\n<h5>President Erdogan, in his message, shed light on the struggle of the Turk nation for freedom that is necessary for a bright future. He discussed when you have to choose between slavery and independence. When you select freedom you have to offer sacrifices. Turk nation offered sacrifices of lives for freedom once in the past 100 years ago to achieve the great victory on 30th Aug 2022 and the second time on 15th July 2016.<\/h5>\n<h5>The President analyzed the status of Turkiye in the present world of global crisis. He said that Turkiye is gaining her place in the comity of nations. Our experts are breaking records in different spheres. Turkiye is playing her role in the solution to regional issues. We are grateful to the leader of the independence war Mustafa Kemal and we pay homage to the martyrs of the motherland.<\/h5>\n<h5>Victory Day (Turkish: Zafer Bayram\u0131), also known as Turkish Armed Forces Day (Turkish: T\u00fcrk Silahl\u0131 Kuvvetleri G\u00fcn\u00fc), is a public holiday in Turkey commemorating the decisive victory in the Battle of Dumlup\u0131nar, on 30 August 1922. August 30 Victory Day in T\u00fcrkiye aims to commemorate the significant victory of the Turkish army against the Greek forces at the Dumlup\u0131nar Battle in 1922). The outcome of this battle which took place in K\u00fctahya city was very decisive.<\/h5>\n<h5>On 15 July 2016, a faction within the Turkish Armed Forces, organized as the Peace at Home Council,[32] attempted a coup d&#8217;\u00e9tat against state institutions, including the government and President Recep Tayyip Erdo\u011fan.[33] They attempted to seize control of several places in Ankara, Istanbul, Marmaris, and elsewhere, such as the Asian side entrance of the Bosphorus Bridge but failed to do so after forces loyal to the state defeated them.<\/h5>\n<h5>The reception was hosted at Serena Hotels Islamabad in which high officials of all three wings of the Pakistan Military were present. Defense Attaches from other countries were also invited in big numbers. Parliamentarians, civil society, the business community, and media persons also attended the reception.<img decoding=\"async\" loading=\"lazy\" class=\"aligncenter size-full wp-image-16568\" src=\"https:\/\/pakistanintheworld.pk\/live\/wp-content\/uploads\/2022\/08\/Turkiye-Pakistan-2.jpg\" alt=\"\" width=\"500\" height=\"333\" srcset=\"https:\/\/pakistanintheworld.pk\/live\/wp-content\/uploads\/2022\/08\/Turkiye-Pakistan-2.jpg 500w, https:\/\/pakistanintheworld.pk\/live\/wp-content\/uploads\/2022\/08\/Turkiye-Pakistan-2-300x200.jpg 300w\" sizes=\"(max-width: 500px) 100vw, 500px\" \/><\/h5>\n<h5><em><strong>On the special occasion of this Victory Day of the Republic of Turkiye (30 August Zafer Bayrami), the Government and the people of Pakistan reaffirm their abiding solidarity and unflinching support for the brotherly people and the government of Turkiye.<\/strong> <\/em><\/h5>\n<p><em>This day, a hundred years ago, the great Turkish nation secured the ultimate victory by defeating foreign occupation and imperialism. Unyielding determination, courage and unity exhibited by the Turkish nation laid the foundation of Turkiye\u2019s liberation, independence and national sovereignty. <\/em><\/p>\n<p><em>On this occasion, we pay special tribute to the great Mustafa Kemal Ataturk who inspired and led his compatriots to one of the most brilliant victories in the world history. <\/em><\/p>\n<p><em>In their heroic struggle against the foreign occupation through the war of Independence, the valiant Turkish nation was wholeheartedly supported by the Muslims of South Asia.<\/em><\/p>\n","protected":false},"excerpt":{"rendered":"<p>Tazeen Akhtar Turkish and Pakistani brothers and sisters celebrated Turkish Victory Day on 30th Aug in Islamabad expressing solidarity with each other and praying high place in Jannat for the martyrs who sacrificed their lives for the freedom and well-being of their homeland and countrymen. They paid homage to the great leadership of Mustafa Kemal, [&hellip;]<\/p>\n","protected":false},"author":1,"featured_media":16564,"comment_status":"open","ping_status":"open","sticky":false,"template":"","format":"standard","meta":{"footnotes":""},"categories":[24],"tags":[355,48,2589,392],"_links":{"self":[{"href":"https:\/\/pakistanintheworld.pk\/live\/wp-json\/wp\/v2\/posts\/16563"}],"collection":[{"href":"https:\/\/pakistanintheworld.pk\/live\/wp-json\/wp\/v2\/posts"}],"about":[{"href":"https:\/\/pakistanintheworld.pk\/live\/wp-json\/wp\/v2\/types\/post"}],"author":[{"embeddable":true,"href":"https:\/\/pakistanintheworld.pk\/live\/wp-json\/wp\/v2\/users\/1"}],"replies":[{"embeddable":true,"href":"https:\/\/pakistanintheworld.pk\/live\/wp-json\/wp\/v2\/comments?post=16563"}],"version-history":[{"count":5,"href":"https:\/\/pakistanintheworld.pk\/live\/wp-json\/wp\/v2\/posts\/16563\/revisions"}],"predecessor-version":[{"id":16643,"href":"https:\/\/pakistanintheworld.pk\/live\/wp-json\/wp\/v2\/posts\/16563\/revisions\/16643"}],"wp:featuredmedia":[{"embeddable":true,"href":"https:\/\/pakistanintheworld.pk\/live\/wp-json\/wp\/v2\/media\/16564"}],"wp:attachment":[{"href":"https:\/\/pakistanintheworld.pk\/live\/wp-json\/wp\/v2\/media?parent=16563"}],"wp:term":[{"taxonomy":"category","embeddable":true,"href":"https:\/\/pakistanintheworld.pk\/live\/wp-json\/wp\/v2\/categories?post=16563"},{"taxonomy":"post_tag","embeddable":true,"href":"https:\/\/pakistanintheworld.pk\/live\/wp-json\/wp\/v2\/tags?post=16563"}],"curies":[{"name":"wp","href":"https:\/\/api.w.org\/{rel}","templated":true}]}}