{"id":35604,"date":"2024-10-05T07:22:39","date_gmt":"2024-10-05T07:22:39","guid":{"rendered":"https:\/\/pakistanintheworld.pk\/live\/?p=35604"},"modified":"2024-10-05T07:22:39","modified_gmt":"2024-10-05T07:22:39","slug":"ambassador-bosnia-visits-school-in-islamabad-in-connection-with-12-days-of-peace","status":"publish","type":"post","link":"https:\/\/pakistanintheworld.pk\/live\/ambassador-bosnia-visits-school-in-islamabad-in-connection-with-12-days-of-peace\/","title":{"rendered":"Ambassador Bosnia Visits School in Islamabad in connection with &#8220;12 Days of Peace&#8221;"},"content":{"rendered":"<h5><img decoding=\"async\" loading=\"lazy\" class=\"aligncenter size-full wp-image-35606\" src=\"https:\/\/pakistanintheworld.pk\/live\/wp-content\/uploads\/2024\/10\/Bosnia_Pakistan-e1728112845497.jpg\" alt=\"\" width=\"500\" height=\"360\" \/>ISLAMABAD: As part of the &#8220;12 Days of Peace&#8221; campaign organized by the Ministry of Foreign Affairs of Bosnia and Herzegovina in collaboration with the UN Office in Bosnia and Herzegovina, Ambassador Emin \u010cohodarevi\u0107 visited the Islamabad Model School for Girls.<\/h5>\n<h5>He was accompanied by Raja Rashid Ali, Secretary of the Ministry of Education, and Faizan Badar, Secretary of the Federal Tax Administration of Pakistan.<\/h5>\n<h5>During the visit, Ambassador \u010cohodarevi\u0107 toured the school&#8217;s classrooms and participated in an IT class, engaging warmly with students and teachers. He delivered a brief lecture highlighting the unique aspects of Bosnia and Herzegovina and emphasized the critical role of education in fostering peace and promoting humanity.<img decoding=\"async\" loading=\"lazy\" class=\"aligncenter size-full wp-image-35607\" src=\"https:\/\/pakistanintheworld.pk\/live\/wp-content\/uploads\/2024\/10\/Bosnia_Education-e1728112881992.jpg\" alt=\"\" width=\"500\" height=\"298\" \/><\/h5>\n<h5>As a token of goodwill, Ambassador \u010cohodarevi\u0107 presented an LCD screen to the school&#8217;s director, Ruqia Parveen. This equipment, donated by Dr. Husein Kavazovi\u0107, Reis-ul-Ulema of the Islamic Community in Bosnia and Herzegovina, will enhance the school&#8217;s capacity for sharing educational video content.<\/h5>\n<h5>The visit reinforced the commitment of both nations to the ideals of peace and education, celebrating the power of learning in bridging cultures and fostering mutual understanding.<\/h5>\n<blockquote class=\"wp-embedded-content\" data-secret=\"qGf9HTGfoo\"><p><a href=\"https:\/\/pakistanintheworld.pk\/live\/pakistan-in-the-world-sep-oct-2024\/\">Pakistan in the World \u2013 Sep \/ Oct 2024<\/a><\/p><\/blockquote>\n<p><iframe class=\"wp-embedded-content\" sandbox=\"allow-scripts\" security=\"restricted\" style=\"position: absolute; clip: rect(1px, 1px, 1px, 1px);\" title=\"&#8220;Pakistan in the World \u2013 Sep \/ Oct 2024&#8221; &#8212; Pakistan In the World\" src=\"https:\/\/pakistanintheworld.pk\/live\/pakistan-in-the-world-sep-oct-2024\/embed\/#?secret=IN9RjvP0UP#?secret=qGf9HTGfoo\" data-secret=\"qGf9HTGfoo\" width=\"600\" height=\"338\" frameborder=\"0\" marginwidth=\"0\" marginheight=\"0\" scrolling=\"no\"><\/iframe><\/p>\n","protected":false},"excerpt":{"rendered":"<p>ISLAMABAD: As part of the &#8220;12 Days of Peace&#8221; campaign organized by the Ministry of Foreign Affairs of Bosnia and Herzegovina in collaboration with the UN Office in Bosnia and Herzegovina, Ambassador Emin \u010cohodarevi\u0107 visited the Islamabad Model School for Girls. He was accompanied by Raja Rashid Ali, Secretary of the Ministry of Education, and [&hellip;]<\/p>\n","protected":false},"author":1,"featured_media":35606,"comment_status":"open","ping_status":"open","sticky":false,"template":"","format":"standard","meta":{"footnotes":""},"categories":[85],"tags":[126,208,251,48,542,1215,1117],"_links":{"self":[{"href":"https:\/\/pakistanintheworld.pk\/live\/wp-json\/wp\/v2\/posts\/35604"}],"collection":[{"href":"https:\/\/pakistanintheworld.pk\/live\/wp-json\/wp\/v2\/posts"}],"about":[{"href":"https:\/\/pakistanintheworld.pk\/live\/wp-json\/wp\/v2\/types\/post"}],"author":[{"embeddable":true,"href":"https:\/\/pakistanintheworld.pk\/live\/wp-json\/wp\/v2\/users\/1"}],"replies":[{"embeddable":true,"href":"https:\/\/pakistanintheworld.pk\/live\/wp-json\/wp\/v2\/comments?post=35604"}],"version-history":[{"count":3,"href":"https:\/\/pakistanintheworld.pk\/live\/wp-json\/wp\/v2\/posts\/35604\/revisions"}],"predecessor-version":[{"id":35609,"href":"https:\/\/pakistanintheworld.pk\/live\/wp-json\/wp\/v2\/posts\/35604\/revisions\/35609"}],"wp:featuredmedia":[{"embeddable":true,"href":"https:\/\/pakistanintheworld.pk\/live\/wp-json\/wp\/v2\/media\/35606"}],"wp:attachment":[{"href":"https:\/\/pakistanintheworld.pk\/live\/wp-json\/wp\/v2\/media?parent=35604"}],"wp:term":[{"taxonomy":"category","embeddable":true,"href":"https:\/\/pakistanintheworld.pk\/live\/wp-json\/wp\/v2\/categories?post=35604"},{"taxonomy":"post_tag","embeddable":true,"href":"https:\/\/pakistanintheworld.pk\/live\/wp-json\/wp\/v2\/tags?post=35604"}],"curies":[{"name":"wp","href":"https:\/\/api.w.org\/{rel}","templated":true}]}}