{"id":46592,"date":"2025-05-16T07:09:46","date_gmt":"2025-05-16T07:09:46","guid":{"rendered":"https:\/\/pakistanintheworld.pk\/live\/?p=46592"},"modified":"2025-05-16T20:00:32","modified_gmt":"2025-05-16T20:00:32","slug":"romanian-community-children-in-pakistan-cast-healthy-votes-at-the-embassy-in-islamabad","status":"publish","type":"post","link":"https:\/\/pakistanintheworld.pk\/live\/romanian-community-children-in-pakistan-cast-healthy-votes-at-the-embassy-in-islamabad\/","title":{"rendered":"Romanian Community Children in Pakistan Cast Healthy Votes at the Embassy in Islamabad"},"content":{"rendered":"<div class=\"x11i5rnm xat24cr x1mh8g0r x1vvkbs xtlvy1s x126k92a\"><\/div>\n<div class=\"x11i5rnm xat24cr x1mh8g0r x1vvkbs xtlvy1s x126k92a\">\n<div dir=\"auto\"><img decoding=\"async\" loading=\"lazy\" class=\"aligncenter wp-image-46594 size-full\" src=\"https:\/\/pakistanintheworld.pk\/live\/wp-content\/uploads\/2025\/05\/497923879_1229805431840222_21195208252179181_n-e1747379118648.jpg\" alt=\"\" width=\"500\" height=\"324\" \/><\/div>\n<\/div>\n<div dir=\"auto\">\n<div dir=\"auto\"><strong>Islamabad, May 16, 2025 \u2014 On Friday, voting began for the presidential elections among the Romanian diaspora, including at polling station no. 713 in the capital of Pakistan. For the first time, children also \u201cvoted\u201d here.<\/strong><\/div>\n<div dir=\"auto\"><\/div>\n<div dir=\"auto\">The youngest members of the Romanian community in Pakistan took part in a unique initiative at the Embassy of Romania in Islamabad, where they participated in a symbolic voting exercise, choosing between two beloved fruits: apples and oranges.<\/div>\n<div dir=\"auto\"><\/div>\n<div dir=\"auto\"><span style=\"color: #0000ff;\"><strong>Romania\u2019s Ambassador to Pakistan, Dan Stoenescu, stated:<\/strong><\/span><\/div>\n<div dir=\"auto\"><\/div>\n<div dir=\"auto\">\u201cThe goal of the initiative was twofold: to promote civic spirit from an early age and to encourage a healthy lifestyle. Through this educational activity, children learned what voting means and how important it is to make good choices for our health. Our message is simple: if children can vote, then parents have no excuse to stay on the sidelines when it comes to their family\u2019s democratic future.\u201d<\/div>\n<div dir=\"auto\"><\/div>\n<div dir=\"auto\">The event was organized in a friendly and educational setting. Children were taught about the importance of voting and maintaining a balanced diet. With a miniature ballot box, illustrated voting slips featuring fruit, and a cheerful atmosphere, the activity became a memorable moment for the little ones and their families.<\/div>\n<\/div>\n<div dir=\"auto\"><\/div>\n<div dir=\"auto\"><img decoding=\"async\" loading=\"lazy\" class=\"aligncenter size-full wp-image-46596\" src=\"https:\/\/pakistanintheworld.pk\/live\/wp-content\/uploads\/2025\/05\/497330421_1229805955173503_6269714550734164779_n.jpg\" alt=\"\" width=\"600\" height=\"222\" srcset=\"https:\/\/pakistanintheworld.pk\/live\/wp-content\/uploads\/2025\/05\/497330421_1229805955173503_6269714550734164779_n.jpg 600w, https:\/\/pakistanintheworld.pk\/live\/wp-content\/uploads\/2025\/05\/497330421_1229805955173503_6269714550734164779_n-300x111.jpg 300w\" sizes=\"(max-width: 600px) 100vw, 600px\" \/><\/div>\n<div dir=\"auto\">\n<div dir=\"auto\">The results of the \u201celection\u201d between apples and oranges will be announced on Sunday evening, alongside the presidential election results, bringing smiles and, hopefully, a healthy civic boost to the community.<\/div>\n<div dir=\"auto\"><\/div>\n<div dir=\"auto\">The Romanian Embassy in Pakistan reminds Romanian citizens of the importance of participating in elections and encourages an active, democratic, and healthy lifestyle. Civic engagement begins with small gestures \u2014 sometimes even with a ballot featuring an apple and an orange in the hand of a child!<\/div>\n<div dir=\"auto\"><\/div>\n<div dir=\"auto\"><span style=\"color: #ff0000;\"><strong>Copiii comunit\u0103\u021bii rom\u00e2ne\u0219ti din Pakistan au votat s\u0103n\u0103tos la Ambasada Rom\u00e2niei<\/strong><\/span><\/div>\n<div dir=\"auto\"><\/div>\n<div dir=\"auto\">Islamabad, 16 mai 2025 \u2014 Vineri a \u00eenceput votul pentru alegerile preziden\u021biale \u00een diaspora, inclusiv la sec\u021bia de votare nr. 713 din capitala Pakistanului. \u00cen premier\u0103, aici au votat \u0219i copiii chiar la prima or\u00e3 \u00eenainte de a merge la \u015fcoal\u00e3 sau gr\u00e3dini\u021b\u00e3. Cei mici din comunitatea rom\u00e2neasc\u0103 din Pakistan au fost protagoni\u0219tii unei ini\u021biative inedite la Ambasada Rom\u00e2niei din Islamabad, unde au participat la un exerci\u021biu simbolic de vot, aleg\u00e2nd \u00eentre dou\u0103 fructe \u00eendr\u0103gite: merele \u0219i portocalele.<\/div>\n<\/div>\n<div dir=\"auto\"><\/div>\n<div dir=\"auto\"><img decoding=\"async\" loading=\"lazy\" class=\"aligncenter size-full wp-image-46595\" src=\"https:\/\/pakistanintheworld.pk\/live\/wp-content\/uploads\/2025\/05\/496941299_1229805981840167_3346791734132184048_n.jpg\" alt=\"\" width=\"300\" height=\"378\" srcset=\"https:\/\/pakistanintheworld.pk\/live\/wp-content\/uploads\/2025\/05\/496941299_1229805981840167_3346791734132184048_n.jpg 300w, https:\/\/pakistanintheworld.pk\/live\/wp-content\/uploads\/2025\/05\/496941299_1229805981840167_3346791734132184048_n-238x300.jpg 238w\" sizes=\"(max-width: 300px) 100vw, 300px\" \/><\/div>\n<div dir=\"auto\">\n<div dir=\"auto\">Ambasadorul Rom\u00e2niei \u00een Pakistan, Dan Stoenescu, a declarat: \u201eScopul ini\u021biativei a fost dublu: promovarea spiritului civic \u00eenc\u0103 de la o v\u00e2rst\u0103 fraged\u0103 \u0219i \u00eencurajarea unui stil de via\u021b\u0103 s\u0103n\u0103tos. Prin aceast\u0103 activitate educativ\u0103, copiii au \u00eenv\u0103\u021bat ce \u00eenseamn\u0103 votul, dar \u0219i c\u00e2t de important este s\u0103 facem alegeri bune pentru s\u0103n\u0103tatea noastr\u0103. Mesajul nostru este simplu: dac\u0103 \u0219i copiii pot vota, p\u0103rin\u021bii nu au niciun motiv s\u0103 stea deoparte c\u00e2nd vine vorba de viitorul democratic al familiei lor.\u201d<\/div>\n<div dir=\"auto\"><\/div>\n<div dir=\"auto\">Evenimentul a fost organizat \u00eentr-un cadru educativ \u0219i prietenos, iar copiii au primit explica\u021bii despre importan\u021ba votului \u0219i a unei alimenta\u021bii echilibrate. Cu o urn\u0103 \u00een miniatur\u0103, buletine de vot ilustrate cu fructe \u0219i o atmosfer\u0103 vesel\u0103, exerci\u021biul a fost un moment memorabil pentru cei mici \u0219i familiile lor.<\/div>\n<div dir=\"auto\"><\/div>\n<div dir=\"auto\">Rezultatele \u201ealegerilor\u201d dintre mere \u0219i portocale vor fi anun\u021bate duminic\u0103 sear\u0103, odat\u0103 cu cele ale alegerilor preziden\u021biale, aduc\u00e2nd z\u00e2mbete \u0219i, sper\u0103m, un impuls civic \u0219i s\u0103n\u0103tos \u00een r\u00e2ndul comunit\u0103\u021bii.<\/div>\n<div dir=\"auto\"><\/div>\n<div dir=\"auto\">Ambasada Rom\u00e2niei \u00een Pakistan reaminte\u0219te cet\u0103\u021benilor rom\u00e2ni importan\u021ba particip\u0103rii la vot \u0219i \u00eencurajeaz\u0103 un stil de via\u021b\u0103 activ, democratic \u0219i s\u0103n\u0103tos. Implicarea \u00eencepe cu gesturi mici \u2014 uneori chiar cu un buletin de vot cu un m\u0103r \u0219i o portocal\u0103 \u00een m\u00e2na unui copil!<\/div>\n<\/div>\n<div dir=\"auto\"><\/div>\n<div dir=\"auto\"><\/div>\n","protected":false},"excerpt":{"rendered":"<p>Islamabad, May 16, 2025 \u2014 On Friday, voting began for the presidential elections among the Romanian diaspora, including at polling station no. 713 in the capital of Pakistan. For the first time, children also \u201cvoted\u201d here. The youngest members of the Romanian community in Pakistan took part in a unique initiative at the Embassy of [&hellip;]<\/p>\n","protected":false},"author":1,"featured_media":46594,"comment_status":"open","ping_status":"open","sticky":false,"template":"","format":"standard","meta":{"footnotes":""},"categories":[93,35],"tags":[7143,591,163,143,251,2128,187],"_links":{"self":[{"href":"https:\/\/pakistanintheworld.pk\/live\/wp-json\/wp\/v2\/posts\/46592"}],"collection":[{"href":"https:\/\/pakistanintheworld.pk\/live\/wp-json\/wp\/v2\/posts"}],"about":[{"href":"https:\/\/pakistanintheworld.pk\/live\/wp-json\/wp\/v2\/types\/post"}],"author":[{"embeddable":true,"href":"https:\/\/pakistanintheworld.pk\/live\/wp-json\/wp\/v2\/users\/1"}],"replies":[{"embeddable":true,"href":"https:\/\/pakistanintheworld.pk\/live\/wp-json\/wp\/v2\/comments?post=46592"}],"version-history":[{"count":3,"href":"https:\/\/pakistanintheworld.pk\/live\/wp-json\/wp\/v2\/posts\/46592\/revisions"}],"predecessor-version":[{"id":46601,"href":"https:\/\/pakistanintheworld.pk\/live\/wp-json\/wp\/v2\/posts\/46592\/revisions\/46601"}],"wp:featuredmedia":[{"embeddable":true,"href":"https:\/\/pakistanintheworld.pk\/live\/wp-json\/wp\/v2\/media\/46594"}],"wp:attachment":[{"href":"https:\/\/pakistanintheworld.pk\/live\/wp-json\/wp\/v2\/media?parent=46592"}],"wp:term":[{"taxonomy":"category","embeddable":true,"href":"https:\/\/pakistanintheworld.pk\/live\/wp-json\/wp\/v2\/categories?post=46592"},{"taxonomy":"post_tag","embeddable":true,"href":"https:\/\/pakistanintheworld.pk\/live\/wp-json\/wp\/v2\/tags?post=46592"}],"curies":[{"name":"wp","href":"https:\/\/api.w.org\/{rel}","templated":true}]}}